{"id":4949,"date":"2023-09-23T08:28:00","date_gmt":"2023-09-23T06:28:00","guid":{"rendered":"https:\/\/tier-im-garten.de\/?p=4949"},"modified":"2023-09-12T07:39:18","modified_gmt":"2023-09-12T05:39:18","slug":"sind-igel-einzelgaenger","status":"publish","type":"post","link":"https:\/\/tier-im-garten.de\/en\/sind-igel-einzelgaenger\/","title":{"rendered":"Are hedgehogs solitary animals?"},"content":{"rendered":"<div class=\"wp-block-cover alignwide is-light is-position-center-center\" style=\"min-height:450px;aspect-ratio:unset;\"><span aria-hidden=\"true\" class=\"wp-block-cover__background has-black-background-color has-background-dim\"><\/span><img loading=\"lazy\" decoding=\"async\" width=\"800\" height=\"600\" class=\"wp-block-cover__image-background wp-image-4951\" alt=\"Sind Igel Einzelg\u00e4nger?\" src=\"https:\/\/tier-im-garten.de\/wp-content\/uploads\/2023\/09\/Igel-1.jpg\" data-object-fit=\"cover\" srcset=\"https:\/\/tier-im-garten.de\/wp-content\/uploads\/2023\/09\/Igel-1.jpg 800w, https:\/\/tier-im-garten.de\/wp-content\/uploads\/2023\/09\/Igel-1-300x225.jpg 300w, https:\/\/tier-im-garten.de\/wp-content\/uploads\/2023\/09\/Igel-1-768x576.jpg 768w\" sizes=\"auto, (max-width: 800px) 100vw, 800px\" \/><div class=\"wp-block-cover__inner-container is-layout-flow wp-block-cover-is-layout-flow\">\n<h1 class=\"wp-block-heading has-text-align-center has-white-color has-text-color\" id=\"0-titel-h2\">Are hedgehogs solitary animals?<\/h1>\n<\/div><\/div>\n\n\n\n<p>\u201eSind Igel Einzelg\u00e4nger?\u201c \u2013 eine Frage, die sowohl Tierliebhaber als auch Biologen besch\u00e4ftigt. In diesem Blogpost tauchen wir tief in die Welt der Igel ein, um dieses spannende Thema zu erforschen.<\/p>\n\n\n\n<h2 class=\"wp-block-heading\">Das soziale Verhalten der Igel<\/h2>\n\n\n\n<p>Die soziale Natur von Tieren ist f\u00fcr viele Menschen ein faszinierendes Forschungsgebiet. Bei Igeln stellt sich die Frage: Leben sie lieber allein oder in Gemeinschaften? Die Antwort auf diese Frage hat Auswirkungen auf das Verst\u00e4ndnis des gesamten \u00d6kosystems, in dem sie leben. So spielen die sozialen Strukturen und Interaktionen der Igel eine Rolle bei der Nahrungssuche, der Fortpflanzung und dem \u00dcberleben.<\/p>\n\n\n\n<p>Eigentlich werden Igel oft als Einzelg\u00e4nger betrachtet, die nur zur Paarungszeit auf Artgenossen treffen. Aber ist das wirklich die ganze Wahrheit? In diesem Abschnitt und den folgenden werden wir uns mit verschiedenen Aspekten des sozialen Verhaltens der Igel befassen, um ein vollst\u00e4ndiges Bild dieses faszinierenden Tiers zu zeichnen.<\/p>\n\n\n\n<h3 class=\"wp-block-heading\">Warum Ist das Thema: \u201eSind Igel Einzelg\u00e4nger? wichtig?<\/h3>\n\n\n\n<p>Verstehen wir das soziale Verhalten von Igeln, k\u00f6nnen wir auch besser absch\u00e4tzen, wie sie mit ihrer Umwelt interagieren. Das ist nicht nur f\u00fcr die Wissenschaft interessant, sondern auch f\u00fcr Menschen, die Igel in ihrem Garten oder auf ihrem Grundst\u00fcck haben. Ein umfassendes Verst\u00e4ndnis des Verhaltens dieser Tiere erm\u00f6glicht es uns, verantwortungsvoll und respektvoll mit ihnen umzugehen.<\/p>\n\n\n\n<h2 class=\"wp-block-heading\">Sind Igel Einzelg\u00e4nger? &#8211; Biologische Grundlagen<\/h2>\n\n\n\n<p>Um die Frage zu kl\u00e4ren, ob Igel Einzelg\u00e4nger sind, ist es sinnvoll, sich erst einmal mit den biologischen Grundlagen dieser faszinierenden Tiere auseinanderzusetzen.<\/p>\n\n\n\n<h3 class=\"wp-block-heading\">Anatomische Eigenschaften von Igeln<\/h3>\n\n\n\n<p>Igel sind kleine bis mittelgro\u00dfe S\u00e4ugetiere, die f\u00fcr ihre stachelige Haut bekannt sind. Diese Stacheln dienen in erster Linie dem Schutz vor Raubtieren. Sie erm\u00f6glichen dem Igel, sich bei Gefahr einzukugeln und somit unangreifbar zu werden. Aber was sagt diese Verteidigungsstrategie \u00fcber die sozialen F\u00e4higkeiten des Igels aus?<\/p>\n\n\n\n<p>Die Tatsache, dass Igel sich auf eine so effektive Weise selbst sch\u00fctzen k\u00f6nnen, legt nahe, dass sie keine ausgepr\u00e4gten sozialen Strukturen zur Verteidigung ben\u00f6tigen, wie es beispielsweise bei Herdentieren der Fall ist. Ihre Anatomie deutet darauf hin, dass sie eher Einzelg\u00e4nger sind, die sich selbst sch\u00fctzen k\u00f6nnen und daf\u00fcr keine Gruppe ben\u00f6tigen.<\/p>\n\n\n\n<h3 class=\"wp-block-heading\">Verbreitungsgebiet und Lebensraum<\/h3>\n\n\n\n<p>Igel sind in verschiedenen Teilen der Welt anzutreffen, vor allem jedoch in Europa, Asien und Afrika. Sie bevorzugen eine Vielzahl von Lebensr\u00e4umen, darunter W\u00e4lder, Wiesen und sogar st\u00e4dtische Gebiete. Aber wie beeinflusst der Lebensraum ihr soziales Verhalten?<\/p>\n\n\n\n<p>In der Regel sind Igel territoriale Tiere, die ein bestimmtes Gebiet als ihr \u201eZuhause\u201c betrachten. In dicht besiedelten Gebieten k\u00f6nnen diese Territorien jedoch \u00fcberschneiden. Dabei kommt es eher selten zu sozialen Interaktionen. Sie respektieren meistens die Grenzen anderer Igel, was wiederum ihre Neigung zur Einzelg\u00e4ngerei unterst\u00fctzt.<\/p>\n\n\n\n<h3 class=\"wp-block-heading\">Reproduction and brood care<\/h3>\n\n\n\n<p>Die Fortpflanzung ist einer der wenigen Momente, in denen Igel soziale Interaktionen eingehen. W\u00e4hrend der Paarungszeit suchen m\u00e4nnliche Igel aktiv nach einem Weibchen und versuchen, es f\u00fcr sich zu gewinnen. Nach der Paarung k\u00fcmmert sich das Weibchen allein um die Aufzucht der Jungen.<\/p>\n\n\n\n<p>Die Brutpflege ist bei Igeln also eine Ein-Frau-Show. Sobald die Jungen alt genug sind, um selbstst\u00e4ndig zu sein, gehen sie ihren eigenen Weg. Dieses Muster der unabh\u00e4ngigen Brutpflege spricht ebenfalls f\u00fcr die Theorie, dass Igel grundlegend Einzelg\u00e4nger sind.<\/p>\n\n\n\n<h2 class=\"wp-block-heading\">Igel Einzelg\u00e4nger &#8211; soziales Verhalten<\/h2>\n\n\n\n<p>Nachdem wir uns mit den biologischen Grundlagen der Igel auseinandergesetzt haben, m\u00f6chten wir nun ihr soziales Verhalten im Detail betrachten. Dieser Abschnitt wird uns helfen, die Frage zu beantworten: Sind Igel Einzelg\u00e4nger?<\/p>\n\n\n\n<h3 class=\"wp-block-heading\">Vergleich mit anderen S\u00e4ugetieren<\/h3>\n\n\n\n<p>Im Tierreich gibt es eine breite Palette von sozialen Verhaltensweisen. Einige Tiere leben in komplexen sozialen Strukturen wie Wolfsrudeln oder Elefantenherden, w\u00e4hrend andere, wie &nbsp;viele Katzenarten, eher einzelg\u00e4ngerisch sind. Wo finden sich Igel in diesem Spektrum?<\/p>\n\n\n\n<p>Igel haben nicht die komplexen sozialen Hierarchien, die bei einigen anderen S\u00e4ugetieren zu beobachten sind. Sie formen keine Rudel und haben keine ausgepr\u00e4gten Rollenverteilungen innerhalb einer Gruppe. Ihre Interaktionen mit anderen Igeln sind meist auf die Paarungszeit beschr\u00e4nkt, und selbst dann sind die Begegnungen oft von kurzer Dauer. Daher neigen Igel eher dazu, als Einzelg\u00e4nger durchs Leben zu gehen, insbesondere im Vergleich zu sozialeren S\u00e4ugetieren.<\/p>\n\n\n\n<h3 class=\"wp-block-heading\">Die verschiedenen Arten von sozialen Verhalten<\/h3>\n\n\n\n<p>Soziales Verhalten ist nicht schwarz oder wei\u00df; es gibt viele Graustufen. Manche Tiere sind zum Beispiel nur in bestimmten Phasen ihres Lebens sozial, andere variieren ihr Verhalten je nach Umweltbedingungen. Wie verh\u00e4lt es sich bei Igeln?<\/p>\n\n\n\n<p>Igel zeigen in der Tat eine Reihe von Verhaltensweisen, die als \u201esozial\u201c interpretiert werden k\u00f6nnten, vornehmlich w\u00e4hrend der Paarungszeit. Dennoch sind diese Interaktionen eher funktional und nicht darauf ausgerichtet, langfristige soziale Bindungen zu schaffen. Au\u00dferhalb der Paarungszeit und der Brutpflege interagieren Igel nur selten miteinander und suchen auch nicht aktiv die Gesellschaft anderer Igel.<\/p>\n\n\n\n<p>In Anbetracht dieser Beobachtungen k\u00f6nnen wir schlussfolgern, dass Igel zwar nicht v\u00f6llig asozial sind, ihr Verhalten jedoch eher darauf hindeutet, dass sie grundlegend Einzelg\u00e4nger sind.<\/p>\n\n\n\n<figure class=\"wp-block-image aligncenter size-full\"><img loading=\"lazy\" decoding=\"async\" width=\"800\" height=\"600\" src=\"https:\/\/tier-im-garten.de\/wp-content\/uploads\/2023\/09\/Igel-Paarungszeit.jpg\" alt=\"\" class=\"wp-image-4926\" srcset=\"https:\/\/tier-im-garten.de\/wp-content\/uploads\/2023\/09\/Igel-Paarungszeit.jpg 800w, https:\/\/tier-im-garten.de\/wp-content\/uploads\/2023\/09\/Igel-Paarungszeit-300x225.jpg 300w, https:\/\/tier-im-garten.de\/wp-content\/uploads\/2023\/09\/Igel-Paarungszeit-768x576.jpg 768w\" sizes=\"auto, (max-width: 800px) 100vw, 800px\" \/><\/figure>\n\n\n\n<h2 class=\"wp-block-heading\">Igel Einzelg\u00e4nger &#8211; Verhalten in der Paarungszeit<\/h2>\n\n\n\n<p>Die Paarungszeit ist eine der wenigen Phasen im Leben eines Igels, in der soziale Interaktionen eine Rolle spielen. Dieser Abschnitt beleuchtet die Besonderheiten des Territorialverhaltens und der Interaktionen zwischen M\u00e4nnchen und Weibchen w\u00e4hrend dieser wichtigen Lebensphase.<\/p>\n\n\n\n<h3 class=\"wp-block-heading\">Territorialverhalten<\/h3>\n\n\n\n<p>W\u00e4hrend der Paarungszeit kann das sonst eher zur\u00fcckhaltende Territorialverhalten von Igeln intensiver werden. M\u00e4nnliche Igel werden in dieser Zeit aktiver und durchstreifen gr\u00f6\u00dfere Gebiete auf der Suche nach einem geeigneten Weibchen. Dabei k\u00f6nnen sie auch in die Reviere anderer M\u00e4nnchen eindringen.<\/p>\n\n\n\n<p>In dieser Phase sind Igel zwar nicht aggressiv, aber dennoch konkurrenzorientiert. Die M\u00e4nnchen hinterlassen Duftmarken, um ihre Pr\u00e4senz anderen Igeln mitzuteilen. Diese Markierungen dienen der Kommunikation und sind ein wichtiges Werkzeug f\u00fcr das soziale Verhalten w\u00e4hrend der Paarungszeit. Trotz der erh\u00f6hten Aktivit\u00e4t bleibt das Grundmuster des Territorialverhaltens jedoch erhalten: Nach der Paarung ziehen sich die Igel wieder in ihre eigenen Gebiete zur\u00fcck.<\/p>\n\n\n\n<h3 class=\"wp-block-heading\">Interaktionen zwischen M\u00e4nnchen und Weibchen<\/h3>\n\n\n\n<p>Die Interaktionen zwischen m\u00e4nnlichen und weiblichen Igeln w\u00e4hrend der Paarungszeit sind faszinierend. Ein M\u00e4nnchen, das ein Weibchen gefunden hat, folgt diesem oft \u00fcber l\u00e4ngere Strecken und versucht, seine Aufmerksamkeit zu erregen. Hierbei wird oft ein charakteristisches Schn\u00fcffeln und Umkreisen beobachtet.<\/p>\n\n\n\n<p>Nach einer erfolgreichen \u201eWerbephase\u201c kommt es zur Paarung, die meist relativ kurz ist. Interessanterweise \u00fcbernimmt nach der Paarung das Weibchen wieder die vollst\u00e4ndige Kontrolle und k\u00fcmmert sich allein um die Aufzucht der Jungen. M\u00e4nnchen suchen in der Regel nach weiteren Paarungsm\u00f6glichkeiten und beteiligen sich nicht an der Brutpflege.<\/p>\n\n\n\n<p>Diese eher kurzen und funktionalen Interaktionen legen nahe, dass die soziale Struktur der Igel prim\u00e4r darauf ausgerichtet ist, die Fortpflanzung zu sichern, anstatt langfristige soziale Bindungen zu schaffen. Das unterstreicht die Annahme, dass Igel im Wesentlichen Einzelg\u00e4nger sind.<\/p>\n\n\n\n<h2 class=\"wp-block-heading\">Fazit: Sind Igel Einzelg\u00e4nger?<\/h2>\n\n\n\n<p>Nach eingehender Untersuchung verschiedener Aspekte des Lebens von Igeln k\u00f6nnen wir nun die urspr\u00fcngliche Frage beantworten: Sind Igel Einzelg\u00e4nger? Die Antwort darauf ist im Gro\u00dfen und Ganzen ja. Igel neigen dazu, sich von sozialen Bindungen fernzuhalten und leben haupts\u00e4chlich isoliert. Sie interagieren nur in speziellen Phasen ihres Lebens miteinander, wie &nbsp;w\u00e4hrend der Paarungszeit oder in der Brutpflege. Selbst in diesen Phasen sind die sozialen Interaktionen eher funktional und kurzfristig.<\/p>\n\n\n\n<p>Es wurde auch festgestellt, dass Igel kein komplexes soziales Verhalten oder eine Gruppendynamik entwickelt haben, wie es bei anderen S\u00e4ugetieren der Fall ist. Sie sind territoriale Tiere, die in erster Linie auf das eigene \u00dcberleben und die Fortpflanzung ausgerichtet sind. Ihre anatomischen Merkmale, wie die stachelige Haut, erlauben es ihnen, weitgehend unabh\u00e4ngig von anderen Igeln zu leben.<\/p>\n\n\n\n<p>In den seltenen F\u00e4llen, in denen soziale Interaktionen stattfinden, wie &nbsp;in der Paarungszeit, sind diese meist auf das unmittelbare Ziel der Fortpflanzung ausgerichtet und nicht darauf, langfristige soziale Beziehungen zu kn\u00fcpfen. Daher k\u00f6nnen wir schlussfolgern, dass Igel in ihrem nat\u00fcrlichen Verhalten als Einzelg\u00e4nger gelten k\u00f6nnen.<\/p>\n\n\n\n<p>Damit kommen wir zum Ende dieses Blogposts. Ich hoffe, dass Du eine informative und interessante Lekt\u00fcre hattest und nun ein besseres Verst\u00e4ndnis f\u00fcr diese faszinierenden Tiere hast.<\/p>\n\n\n\n<h2 class=\"wp-block-heading\">Frequently Asked Questions (FAQ)<\/h2>\n\n\n\n<h3 class=\"wp-block-heading\">Sind Igel immer Einzelg\u00e4nger?<\/h3>\n\n\n\n<p>In der Regel ja Igel leben haupts\u00e4chlich isoliert und suchen nur zu speziellen Anl\u00e4ssen wie der Paarungszeit den Kontakt zu Artgenossen.<\/p>\n\n\n\n<h3 class=\"wp-block-heading\">Warum sind Igel Einzelg\u00e4nger?<\/h3>\n\n\n\n<p>Igel haben sich im Laufe der Evolution so entwickelt, dass sie weitestgehend unabh\u00e4ngig von sozialen Bindungen sind. Ihr K\u00f6rperbau, einschlie\u00dflich der stacheligen Haut, erm\u00f6glicht es ihnen, allein zu \u00fcberleben.<\/p>\n\n\n\n<h3 class=\"wp-block-heading\">Gibt es Ausnahmen von diesem Verhalten?<\/h3>\n\n\n\n<p>Ja, w\u00e4hrend der Paarungszeit und der Brutpflege k\u00f6nnen Igel kurzzeitig soziale Interaktionen eingehen. Diese sind jedoch meist funktional und nicht darauf ausgerichtet, langfristige Beziehungen zu kn\u00fcpfen.<\/p>\n\n\n\n<h3 class=\"wp-block-heading\">Sind Igel territorial?<\/h3>\n\n\n\n<p>Ja, besonders m\u00e4nnliche Igel k\u00f6nnen w\u00e4hrend der Paarungszeit ein ausgepr\u00e4gtes Territorialverhalten zeigen. Sie markieren ihr Revier mit Duftstoffen und k\u00f6nnen in die Gebiete anderer M\u00e4nnchen eindringen, um ein Weibchen zu finden.<\/p>\n\n\n\n<h3 class=\"wp-block-heading\">Wie interagieren Igel miteinander w\u00e4hrend der Paarungszeit?<\/h3>\n\n\n\n<p>M\u00e4nnliche Igel folgen oft den weiblichen Igeln, um ihre Aufmerksamkeit zu erregen. Nach einer erfolgreichen Paarung \u00fcbernimmt das Weibchen die alleinige Verantwortung f\u00fcr die Brutpflege.<\/p>\n\n\n\n<h3 class=\"wp-block-heading\">K\u00f6nnten Igel in Gefangenschaft sozialer sein?<\/h3>\n\n\n\n<p>In Gefangenschaft k\u00f6nnen Igel unter bestimmten Bedingungen sozialere Verhaltensweisen zeigen, da die nat\u00fcrlichen \u00dcberlebensmechanismen weniger relevant sind. Allerdings wird generell nicht empfohlen, mehrere Igel in einem kleinen Raum zusammenzuhalten.<\/p>","protected":false},"excerpt":{"rendered":"<p>\u201eSind Igel Einzelg\u00e4nger?\u201c \u2013 eine Frage, die sowohl Tierliebhaber als auch Biologen besch\u00e4ftigt. In diesem Blogpost tauchen wir tief in die Welt der Igel ein, um dieses spannende Thema zu erforschen. Das soziale Verhalten der Igel Die soziale Natur von Tieren ist f\u00fcr viele Menschen ein faszinierendes Forschungsgebiet. Bei Igeln stellt sich die Frage: Leben [&hellip;]<\/p>","protected":false},"author":1,"featured_media":4951,"comment_status":"closed","ping_status":"closed","sticky":false,"template":"","format":"standard","meta":{"ub_ctt_via":"","site-sidebar-layout":"right-sidebar","site-content-layout":"default","ast-site-content-layout":"default","site-content-style":"default","site-sidebar-style":"default","ast-global-header-display":"","ast-banner-title-visibility":"","ast-main-header-display":"","ast-hfb-above-header-display":"","ast-hfb-below-header-display":"","ast-hfb-mobile-header-display":"","site-post-title":"","ast-breadcrumbs-content":"","ast-featured-img":"","footer-sml-layout":"","theme-transparent-header-meta":"default","adv-header-id-meta":"","stick-header-meta":"","header-above-stick-meta":"","header-main-stick-meta":"","header-below-stick-meta":"","astra-migrate-meta-layouts":"set","ast-page-background-enabled":"default","ast-page-background-meta":{"desktop":{"background-color":"","background-image":"","background-repeat":"repeat","background-position":"center center","background-size":"auto","background-attachment":"scroll","background-type":"","background-media":"","overlay-type":"","overlay-color":"","overlay-gradient":""},"tablet":{"background-color":"","background-image":"","background-repeat":"repeat","background-position":"center center","background-size":"auto","background-attachment":"scroll","background-type":"","background-media":"","overlay-type":"","overlay-color":"","overlay-gradient":""},"mobile":{"background-color":"","background-image":"","background-repeat":"repeat","background-position":"center center","background-size":"auto","background-attachment":"scroll","background-type":"","background-media":"","overlay-type":"","overlay-color":"","overlay-gradient":""}},"ast-content-background-meta":{"desktop":{"background-color":"var(--ast-global-color-5)","background-image":"","background-repeat":"repeat","background-position":"center center","background-size":"auto","background-attachment":"scroll","background-type":"","background-media":"","overlay-type":"","overlay-color":"","overlay-gradient":""},"tablet":{"background-color":"var(--ast-global-color-5)","background-image":"","background-repeat":"repeat","background-position":"center center","background-size":"auto","background-attachment":"scroll","background-type":"","background-media":"","overlay-type":"","overlay-color":"","overlay-gradient":""},"mobile":{"background-color":"var(--ast-global-color-5)","background-image":"","background-repeat":"repeat","background-position":"center center","background-size":"auto","background-attachment":"scroll","background-type":"","background-media":"","overlay-type":"","overlay-color":"","overlay-gradient":""}},"footnotes":""},"categories":[32],"tags":[],"class_list":["post-4949","post","type-post","status-publish","format-standard","has-post-thumbnail","hentry","category-igel"],"featured_image_src":"https:\/\/tier-im-garten.de\/wp-content\/uploads\/2023\/09\/Igel-1.jpg","author_info":{"display_name":"Gartentier","author_link":"https:\/\/tier-im-garten.de\/en\/author\/gartentier\/"},"yoast_head":"<!-- This site is optimized with the Yoast SEO plugin v22.4 - https:\/\/yoast.com\/wordpress\/plugins\/seo\/ -->\n<title>Sind Igel Einzelg\u00e4nger?<\/title>\n<meta name=\"description\" content=\"Sind Igel Einzelg\u00e4nger? In unserem Artikel gehen wir dieser Frage detailliert auf den Grund. Du wirst erstaunt sein.\" \/>\n<meta name=\"robots\" content=\"index, follow, max-snippet:-1, max-image-preview:large, max-video-preview:-1\" \/>\n<link rel=\"canonical\" href=\"https:\/\/tier-im-garten.de\/en\/sind-igel-einzelgaenger\/\" \/>\n<meta property=\"og:locale\" content=\"en_US\" \/>\n<meta property=\"og:type\" content=\"article\" \/>\n<meta property=\"og:title\" content=\"Sind Igel Einzelg\u00e4nger?\" \/>\n<meta property=\"og:description\" content=\"Sind Igel Einzelg\u00e4nger? In unserem Artikel gehen wir dieser Frage detailliert auf den Grund. Du wirst erstaunt sein.\" \/>\n<meta property=\"og:url\" content=\"https:\/\/tier-im-garten.de\/en\/sind-igel-einzelgaenger\/\" \/>\n<meta property=\"og:site_name\" content=\"Tier im Garten\" \/>\n<meta property=\"article:published_time\" content=\"2023-09-23T06:28:00+00:00\" \/>\n<meta property=\"article:modified_time\" content=\"2023-09-12T05:39:18+00:00\" \/>\n<meta property=\"og:image\" content=\"https:\/\/tier-im-garten.de\/wp-content\/uploads\/2023\/09\/Igel-1.jpg\" \/>\n\t<meta property=\"og:image:width\" content=\"800\" \/>\n\t<meta property=\"og:image:height\" content=\"600\" \/>\n\t<meta property=\"og:image:type\" content=\"image\/jpeg\" \/>\n<meta name=\"author\" content=\"Gartentier\" \/>\n<meta name=\"twitter:card\" content=\"summary_large_image\" \/>\n<meta name=\"twitter:label1\" content=\"Written by\" \/>\n\t<meta name=\"twitter:data1\" content=\"Gartentier\" \/>\n\t<meta name=\"twitter:label2\" content=\"Est. reading time\" \/>\n\t<meta name=\"twitter:data2\" content=\"9 minutes\" \/>\n<script type=\"application\/ld+json\" class=\"yoast-schema-graph\">{\"@context\":\"https:\/\/schema.org\",\"@graph\":[{\"@type\":\"Article\",\"@id\":\"https:\/\/tier-im-garten.de\/sind-igel-einzelgaenger\/#article\",\"isPartOf\":{\"@id\":\"https:\/\/tier-im-garten.de\/sind-igel-einzelgaenger\/\"},\"author\":{\"name\":\"Gartentier\",\"@id\":\"https:\/\/tier-im-garten.de\/#\/schema\/person\/c6fb87a8192bf2e7b33c200c198fd212\"},\"headline\":\"Sind Igel Einzelg\u00e4nger?\",\"datePublished\":\"2023-09-23T06:28:00+00:00\",\"dateModified\":\"2023-09-12T05:39:18+00:00\",\"mainEntityOfPage\":{\"@id\":\"https:\/\/tier-im-garten.de\/sind-igel-einzelgaenger\/\"},\"wordCount\":1593,\"publisher\":{\"@id\":\"https:\/\/tier-im-garten.de\/#\/schema\/person\/c6fb87a8192bf2e7b33c200c198fd212\"},\"image\":{\"@id\":\"https:\/\/tier-im-garten.de\/sind-igel-einzelgaenger\/#primaryimage\"},\"thumbnailUrl\":\"https:\/\/tier-im-garten.de\/wp-content\/uploads\/2023\/09\/Igel-1.jpg\",\"articleSection\":[\"Igel\"],\"inLanguage\":\"en-US\"},{\"@type\":\"WebPage\",\"@id\":\"https:\/\/tier-im-garten.de\/sind-igel-einzelgaenger\/\",\"url\":\"https:\/\/tier-im-garten.de\/sind-igel-einzelgaenger\/\",\"name\":\"Sind Igel Einzelg\u00e4nger?\",\"isPartOf\":{\"@id\":\"https:\/\/tier-im-garten.de\/#website\"},\"primaryImageOfPage\":{\"@id\":\"https:\/\/tier-im-garten.de\/sind-igel-einzelgaenger\/#primaryimage\"},\"image\":{\"@id\":\"https:\/\/tier-im-garten.de\/sind-igel-einzelgaenger\/#primaryimage\"},\"thumbnailUrl\":\"https:\/\/tier-im-garten.de\/wp-content\/uploads\/2023\/09\/Igel-1.jpg\",\"datePublished\":\"2023-09-23T06:28:00+00:00\",\"dateModified\":\"2023-09-12T05:39:18+00:00\",\"description\":\"Sind Igel Einzelg\u00e4nger? In unserem Artikel gehen wir dieser Frage detailliert auf den Grund. Du wirst erstaunt sein.\",\"breadcrumb\":{\"@id\":\"https:\/\/tier-im-garten.de\/sind-igel-einzelgaenger\/#breadcrumb\"},\"inLanguage\":\"en-US\",\"potentialAction\":[{\"@type\":\"ReadAction\",\"target\":[\"https:\/\/tier-im-garten.de\/sind-igel-einzelgaenger\/\"]}]},{\"@type\":\"ImageObject\",\"inLanguage\":\"en-US\",\"@id\":\"https:\/\/tier-im-garten.de\/sind-igel-einzelgaenger\/#primaryimage\",\"url\":\"https:\/\/tier-im-garten.de\/wp-content\/uploads\/2023\/09\/Igel-1.jpg\",\"contentUrl\":\"https:\/\/tier-im-garten.de\/wp-content\/uploads\/2023\/09\/Igel-1.jpg\",\"width\":800,\"height\":600},{\"@type\":\"BreadcrumbList\",\"@id\":\"https:\/\/tier-im-garten.de\/sind-igel-einzelgaenger\/#breadcrumb\",\"itemListElement\":[{\"@type\":\"ListItem\",\"position\":1,\"name\":\"Startseite\",\"item\":\"https:\/\/tier-im-garten.de\/\"},{\"@type\":\"ListItem\",\"position\":2,\"name\":\"Sind Igel Einzelg\u00e4nger?\"}]},{\"@type\":\"WebSite\",\"@id\":\"https:\/\/tier-im-garten.de\/#website\",\"url\":\"https:\/\/tier-im-garten.de\/\",\"name\":\"Tier im Garten\",\"description\":\"Alles \u00fcber die Tiere in Deinem Garten\",\"publisher\":{\"@id\":\"https:\/\/tier-im-garten.de\/#\/schema\/person\/c6fb87a8192bf2e7b33c200c198fd212\"},\"potentialAction\":[{\"@type\":\"SearchAction\",\"target\":{\"@type\":\"EntryPoint\",\"urlTemplate\":\"https:\/\/tier-im-garten.de\/?s={search_term_string}\"},\"query-input\":\"required name=search_term_string\"}],\"inLanguage\":\"en-US\"},{\"@type\":[\"Person\",\"Organization\"],\"@id\":\"https:\/\/tier-im-garten.de\/#\/schema\/person\/c6fb87a8192bf2e7b33c200c198fd212\",\"name\":\"Gartentier\",\"image\":{\"@type\":\"ImageObject\",\"inLanguage\":\"en-US\",\"@id\":\"https:\/\/tier-im-garten.de\/#\/schema\/person\/image\/\",\"url\":\"https:\/\/tier-im-garten.de\/wp-content\/uploads\/2021\/08\/cropped-cropped-png-01_small_150x150.png\",\"contentUrl\":\"https:\/\/tier-im-garten.de\/wp-content\/uploads\/2021\/08\/cropped-cropped-png-01_small_150x150.png\",\"width\":151,\"height\":111,\"caption\":\"Gartentier\"},\"logo\":{\"@id\":\"https:\/\/tier-im-garten.de\/#\/schema\/person\/image\/\"},\"description\":\"Gartentier - Ein Leben mit der Natur Herzlich willkommen auf meinem Tierblog! Mein Name ist Dirk, und ich freue mich, dich auf meiner Reise durch die faszinierende Welt der Tiere und des Gartens mitnehmen zu k\u00f6nnen. Geboren vor 54 Jahren, habe ich bereits seit meiner Kindheit eine uners\u00e4ttliche Neugierde f\u00fcr die Tierwelt um mich herum. Obwohl ich mich beruflich in anderen Branchen bewegt habe, war meine wahre Leidenschaft stets den Tieren und der Natur gewidmet. Es ist bemerkenswert, wie ein kleiner Garten zu einem so wichtigen Teil meines Lebens geworden ist. Viele meiner sch\u00f6nsten Erinnerungen sind mit den Tieren verbunden, die unser Zuhause teilen. Egal, ob es die neugierigen Eichh\u00f6rnchen sind, die morgens \u00fcber die B\u00e4ume huschen, die bunte Vielfalt der V\u00f6gel, die unsere Futterstellen besuchen, oder die emsigen Bienen und Schmetterlinge, die unsere Blumen best\u00e4uben - jeder Moment mit ihnen ist f\u00fcr mich von unsch\u00e4tzbarem Wert. Dieser Blog ist mein Beitrag, meine Erfahrungen, Entdeckungen und Einsichten mit Gleichgesinnten zu teilen. Hier werde ich Geschichten \u00fcber unvergessliche Begegnungen mit Tieren erz\u00e4hlen, Tipps zur Gartenpflege und zur Schaffung tierfreundlicher Lebensr\u00e4ume geben und euch auf meine Reisen durch die Natur mitnehmen. Vielen Dank, dass du hier bist! Herzlich, Dirk aka Gartentier\",\"sameAs\":[\"https:\/\/tier-im-garten.de\"],\"url\":\"https:\/\/tier-im-garten.de\/en\/author\/gartentier\/\"}]}<\/script>\n<!-- \/ Yoast SEO plugin. -->","yoast_head_json":{"title":"Sind Igel Einzelg\u00e4nger?","description":"Sind Igel Einzelg\u00e4nger? In unserem Artikel gehen wir dieser Frage detailliert auf den Grund. Du wirst erstaunt sein.","robots":{"index":"index","follow":"follow","max-snippet":"max-snippet:-1","max-image-preview":"max-image-preview:large","max-video-preview":"max-video-preview:-1"},"canonical":"https:\/\/tier-im-garten.de\/en\/sind-igel-einzelgaenger\/","og_locale":"en_US","og_type":"article","og_title":"Sind Igel Einzelg\u00e4nger?","og_description":"Sind Igel Einzelg\u00e4nger? In unserem Artikel gehen wir dieser Frage detailliert auf den Grund. Du wirst erstaunt sein.","og_url":"https:\/\/tier-im-garten.de\/en\/sind-igel-einzelgaenger\/","og_site_name":"Tier im Garten","article_published_time":"2023-09-23T06:28:00+00:00","article_modified_time":"2023-09-12T05:39:18+00:00","og_image":[{"width":800,"height":600,"url":"https:\/\/tier-im-garten.de\/wp-content\/uploads\/2023\/09\/Igel-1.jpg","type":"image\/jpeg"}],"author":"Gartentier","twitter_card":"summary_large_image","twitter_misc":{"Written by":"Gartentier","Est. reading time":"9 minutes"},"schema":{"@context":"https:\/\/schema.org","@graph":[{"@type":"Article","@id":"https:\/\/tier-im-garten.de\/sind-igel-einzelgaenger\/#article","isPartOf":{"@id":"https:\/\/tier-im-garten.de\/sind-igel-einzelgaenger\/"},"author":{"name":"Gartentier","@id":"https:\/\/tier-im-garten.de\/#\/schema\/person\/c6fb87a8192bf2e7b33c200c198fd212"},"headline":"Sind Igel Einzelg\u00e4nger?","datePublished":"2023-09-23T06:28:00+00:00","dateModified":"2023-09-12T05:39:18+00:00","mainEntityOfPage":{"@id":"https:\/\/tier-im-garten.de\/sind-igel-einzelgaenger\/"},"wordCount":1593,"publisher":{"@id":"https:\/\/tier-im-garten.de\/#\/schema\/person\/c6fb87a8192bf2e7b33c200c198fd212"},"image":{"@id":"https:\/\/tier-im-garten.de\/sind-igel-einzelgaenger\/#primaryimage"},"thumbnailUrl":"https:\/\/tier-im-garten.de\/wp-content\/uploads\/2023\/09\/Igel-1.jpg","articleSection":["Igel"],"inLanguage":"en-US"},{"@type":"WebPage","@id":"https:\/\/tier-im-garten.de\/sind-igel-einzelgaenger\/","url":"https:\/\/tier-im-garten.de\/sind-igel-einzelgaenger\/","name":"Sind Igel Einzelg\u00e4nger?","isPartOf":{"@id":"https:\/\/tier-im-garten.de\/#website"},"primaryImageOfPage":{"@id":"https:\/\/tier-im-garten.de\/sind-igel-einzelgaenger\/#primaryimage"},"image":{"@id":"https:\/\/tier-im-garten.de\/sind-igel-einzelgaenger\/#primaryimage"},"thumbnailUrl":"https:\/\/tier-im-garten.de\/wp-content\/uploads\/2023\/09\/Igel-1.jpg","datePublished":"2023-09-23T06:28:00+00:00","dateModified":"2023-09-12T05:39:18+00:00","description":"Sind Igel Einzelg\u00e4nger? In unserem Artikel gehen wir dieser Frage detailliert auf den Grund. Du wirst erstaunt sein.","breadcrumb":{"@id":"https:\/\/tier-im-garten.de\/sind-igel-einzelgaenger\/#breadcrumb"},"inLanguage":"en-US","potentialAction":[{"@type":"ReadAction","target":["https:\/\/tier-im-garten.de\/sind-igel-einzelgaenger\/"]}]},{"@type":"ImageObject","inLanguage":"en-US","@id":"https:\/\/tier-im-garten.de\/sind-igel-einzelgaenger\/#primaryimage","url":"https:\/\/tier-im-garten.de\/wp-content\/uploads\/2023\/09\/Igel-1.jpg","contentUrl":"https:\/\/tier-im-garten.de\/wp-content\/uploads\/2023\/09\/Igel-1.jpg","width":800,"height":600},{"@type":"BreadcrumbList","@id":"https:\/\/tier-im-garten.de\/sind-igel-einzelgaenger\/#breadcrumb","itemListElement":[{"@type":"ListItem","position":1,"name":"Startseite","item":"https:\/\/tier-im-garten.de\/"},{"@type":"ListItem","position":2,"name":"Sind Igel Einzelg\u00e4nger?"}]},{"@type":"WebSite","@id":"https:\/\/tier-im-garten.de\/#website","url":"https:\/\/tier-im-garten.de\/","name":"Tier im Garten","description":"Alles \u00fcber die Tiere in Deinem Garten","publisher":{"@id":"https:\/\/tier-im-garten.de\/#\/schema\/person\/c6fb87a8192bf2e7b33c200c198fd212"},"potentialAction":[{"@type":"SearchAction","target":{"@type":"EntryPoint","urlTemplate":"https:\/\/tier-im-garten.de\/?s={search_term_string}"},"query-input":"required name=search_term_string"}],"inLanguage":"en-US"},{"@type":["Person","Organization"],"@id":"https:\/\/tier-im-garten.de\/#\/schema\/person\/c6fb87a8192bf2e7b33c200c198fd212","name":"Gartentier","image":{"@type":"ImageObject","inLanguage":"en-US","@id":"https:\/\/tier-im-garten.de\/#\/schema\/person\/image\/","url":"https:\/\/tier-im-garten.de\/wp-content\/uploads\/2021\/08\/cropped-cropped-png-01_small_150x150.png","contentUrl":"https:\/\/tier-im-garten.de\/wp-content\/uploads\/2021\/08\/cropped-cropped-png-01_small_150x150.png","width":151,"height":111,"caption":"Gartentier"},"logo":{"@id":"https:\/\/tier-im-garten.de\/#\/schema\/person\/image\/"},"description":"Gartentier - Ein Leben mit der Natur Herzlich willkommen auf meinem Tierblog! Mein Name ist Dirk, und ich freue mich, dich auf meiner Reise durch die faszinierende Welt der Tiere und des Gartens mitnehmen zu k\u00f6nnen. Geboren vor 54 Jahren, habe ich bereits seit meiner Kindheit eine uners\u00e4ttliche Neugierde f\u00fcr die Tierwelt um mich herum. Obwohl ich mich beruflich in anderen Branchen bewegt habe, war meine wahre Leidenschaft stets den Tieren und der Natur gewidmet. Es ist bemerkenswert, wie ein kleiner Garten zu einem so wichtigen Teil meines Lebens geworden ist. Viele meiner sch\u00f6nsten Erinnerungen sind mit den Tieren verbunden, die unser Zuhause teilen. Egal, ob es die neugierigen Eichh\u00f6rnchen sind, die morgens \u00fcber die B\u00e4ume huschen, die bunte Vielfalt der V\u00f6gel, die unsere Futterstellen besuchen, oder die emsigen Bienen und Schmetterlinge, die unsere Blumen best\u00e4uben - jeder Moment mit ihnen ist f\u00fcr mich von unsch\u00e4tzbarem Wert. Dieser Blog ist mein Beitrag, meine Erfahrungen, Entdeckungen und Einsichten mit Gleichgesinnten zu teilen. Hier werde ich Geschichten \u00fcber unvergessliche Begegnungen mit Tieren erz\u00e4hlen, Tipps zur Gartenpflege und zur Schaffung tierfreundlicher Lebensr\u00e4ume geben und euch auf meine Reisen durch die Natur mitnehmen. Vielen Dank, dass du hier bist! Herzlich, Dirk aka Gartentier","sameAs":["https:\/\/tier-im-garten.de"],"url":"https:\/\/tier-im-garten.de\/en\/author\/gartentier\/"}]}},"_links":{"self":[{"href":"https:\/\/tier-im-garten.de\/en\/wp-json\/wp\/v2\/posts\/4949","targetHints":{"allow":["GET"]}}],"collection":[{"href":"https:\/\/tier-im-garten.de\/en\/wp-json\/wp\/v2\/posts"}],"about":[{"href":"https:\/\/tier-im-garten.de\/en\/wp-json\/wp\/v2\/types\/post"}],"author":[{"embeddable":true,"href":"https:\/\/tier-im-garten.de\/en\/wp-json\/wp\/v2\/users\/1"}],"replies":[{"embeddable":true,"href":"https:\/\/tier-im-garten.de\/en\/wp-json\/wp\/v2\/comments?post=4949"}],"version-history":[{"count":2,"href":"https:\/\/tier-im-garten.de\/en\/wp-json\/wp\/v2\/posts\/4949\/revisions"}],"predecessor-version":[{"id":4952,"href":"https:\/\/tier-im-garten.de\/en\/wp-json\/wp\/v2\/posts\/4949\/revisions\/4952"}],"wp:featuredmedia":[{"embeddable":true,"href":"https:\/\/tier-im-garten.de\/en\/wp-json\/wp\/v2\/media\/4951"}],"wp:attachment":[{"href":"https:\/\/tier-im-garten.de\/en\/wp-json\/wp\/v2\/media?parent=4949"}],"wp:term":[{"taxonomy":"category","embeddable":true,"href":"https:\/\/tier-im-garten.de\/en\/wp-json\/wp\/v2\/categories?post=4949"},{"taxonomy":"post_tag","embeddable":true,"href":"https:\/\/tier-im-garten.de\/en\/wp-json\/wp\/v2\/tags?post=4949"}],"curies":[{"name":"wp","href":"https:\/\/api.w.org\/{rel}","templated":true}]}}